{"id":210,"date":"2025-04-30T19:15:43","date_gmt":"2025-04-30T19:15:43","guid":{"rendered":"https:\/\/fraternidaddemotociclistas.com\/?p=210"},"modified":"2025-04-30T19:15:43","modified_gmt":"2025-04-30T19:15:43","slug":"nombramiento-oficial","status":"publish","type":"post","link":"https:\/\/fraternidaddemotociclistas.com\/index.php\/2025\/04\/30\/nombramiento-oficial\/","title":{"rendered":"Nombramiento Oficial"},"content":{"rendered":"<div class=\"wp-block-image\">\n<figure class=\"aligncenter size-full\"><img loading=\"lazy\" decoding=\"async\" width=\"612\" height=\"792\" src=\"https:\/\/fraternidaddemotociclistas.com\/wp-content\/uploads\/2025\/04\/Nombramiento-Nomada-Javier.png\" alt=\"\" class=\"wp-image-211\" srcset=\"https:\/\/fraternidaddemotociclistas.com\/wp-content\/uploads\/2025\/04\/Nombramiento-Nomada-Javier.png 612w, https:\/\/fraternidaddemotociclistas.com\/wp-content\/uploads\/2025\/04\/Nombramiento-Nomada-Javier-232x300.png 232w\" sizes=\"auto, (max-width: 612px) 100vw, 612px\" \/><\/figure>\n<\/div>\n\n\n<p class=\"has-text-align-center\"><strong>La Fraternidad de Motociclistas Internacional<\/strong><br>se enorgullece en otorgar el presente:<\/p>\n\n\n\n<p class=\"has-text-align-center\"><strong>Nombramiento Oficial<\/strong><\/p>\n\n\n\n<p class=\"has-text-align-center\">a nuestro hermano<br><strong>Javier Ughetto<\/strong><\/p>\n\n\n\n<p class=\"has-text-align-center\">portador del esp\u00edritu libre y del compromiso firme con los valores, principios y el c\u00f3digo de conducta y Manifiesto de nuestra Fraternidad, ha demostrado con hechos su lealtad, hermandad y dedicaci\u00f3n.<\/p>\n\n\n\n<p class=\"has-text-align-center\">En reconocimiento a su trayectoria, entrega y constante presencia en la ruta, se le concede a partir de esta fecha el t\u00edtulo de:<br><strong>N\u00f3mada<\/strong><\/p>\n\n\n\n<p class=\"has-text-align-center\">Este t\u00edtulo lo faculta para portar con orgullo los colores de nuestra Fraternidad en cualquier territorio, sin estar sujeto a un cap\u00edtulo en espec\u00edfico; por el contrario, le reconoce como miembro de todos los cap\u00edtulos existentes, perteneciendo a cada uno de ellos por igual. Asimismo, se le confiere la facultad de asesorar, interceder y guiar a cualquiera de las fraternidades afiliadas o por afiliarse, dentro de cualquier pa\u00eds donde la Fraternidad de Motociclistas tenga o llegue a tener presencia.<\/p>\n\n\n\n<p class=\"has-text-align-center\">Como N\u00f3mada, llevar\u00e1 la voz y el respeto de nuestra hermandad a donde el destino lo lleve, siendo ejemplo de liderazgo, compromiso y fraternidad sobre dos ruedas.<\/p>\n\n\n\n<p class=\"has-text-align-center\">Firmado en los Estados Unidos Mexicanos<br>con fecha del 29 de abril de 2025<br><br>Vanecop<br>N\u00f3mada, Qro., M\u00e9xico<br><br>Black Charro<br>N\u00f3mada, Coah., M\u00e9xico<br><br>Rage<br>N\u00f3mada \/ Fundador<\/p>\n","protected":false},"excerpt":{"rendered":"<p>La Fraternidad de Motociclistas Internacionalse enorgullece en otorgar el presente: Nombramiento Oficial a nuestro hermanoJavier Ughetto portador del esp\u00edritu libre y del compromiso firme con los valores, principios y el c\u00f3digo de conducta y Manifiesto de nuestra Fraternidad, ha demostrado con hechos su lealtad, hermandad y dedicaci\u00f3n. En reconocimiento a su trayectoria, entrega y constante [&hellip;]<\/p>\n","protected":false},"author":1,"featured_media":0,"comment_status":"closed","ping_status":"closed","sticky":false,"template":"","format":"standard","meta":{"footnotes":""},"categories":[1],"tags":[],"class_list":["post-210","post","type-post","status-publish","format-standard","hentry","category-uncategorized"],"_links":{"self":[{"href":"https:\/\/fraternidaddemotociclistas.com\/index.php\/wp-json\/wp\/v2\/posts\/210","targetHints":{"allow":["GET"]}}],"collection":[{"href":"https:\/\/fraternidaddemotociclistas.com\/index.php\/wp-json\/wp\/v2\/posts"}],"about":[{"href":"https:\/\/fraternidaddemotociclistas.com\/index.php\/wp-json\/wp\/v2\/types\/post"}],"author":[{"embeddable":true,"href":"https:\/\/fraternidaddemotociclistas.com\/index.php\/wp-json\/wp\/v2\/users\/1"}],"replies":[{"embeddable":true,"href":"https:\/\/fraternidaddemotociclistas.com\/index.php\/wp-json\/wp\/v2\/comments?post=210"}],"version-history":[{"count":1,"href":"https:\/\/fraternidaddemotociclistas.com\/index.php\/wp-json\/wp\/v2\/posts\/210\/revisions"}],"predecessor-version":[{"id":212,"href":"https:\/\/fraternidaddemotociclistas.com\/index.php\/wp-json\/wp\/v2\/posts\/210\/revisions\/212"}],"wp:attachment":[{"href":"https:\/\/fraternidaddemotociclistas.com\/index.php\/wp-json\/wp\/v2\/media?parent=210"}],"wp:term":[{"taxonomy":"category","embeddable":true,"href":"https:\/\/fraternidaddemotociclistas.com\/index.php\/wp-json\/wp\/v2\/categories?post=210"},{"taxonomy":"post_tag","embeddable":true,"href":"https:\/\/fraternidaddemotociclistas.com\/index.php\/wp-json\/wp\/v2\/tags?post=210"}],"curies":[{"name":"wp","href":"https:\/\/api.w.org\/{rel}","templated":true}]}}