{"id":249,"date":"2025-10-21T16:43:55","date_gmt":"2025-10-21T16:43:55","guid":{"rendered":"https:\/\/fraternidaddemotociclistas.com\/?p=249"},"modified":"2025-10-21T16:43:55","modified_gmt":"2025-10-21T16:43:55","slug":"xvi-aniversario-fraternidad-de-motociclistas-2025","status":"publish","type":"post","link":"https:\/\/fraternidaddemotociclistas.com\/index.php\/2025\/10\/21\/xvi-aniversario-fraternidad-de-motociclistas-2025\/","title":{"rendered":"XVI Aniversario Fraternidad de Motociclistas 2025"},"content":{"rendered":"\n<figure class=\"wp-block-embed is-type-video is-provider-youtube wp-block-embed-youtube wp-embed-aspect-16-9 wp-has-aspect-ratio\"><div class=\"wp-block-embed__wrapper\">\n<iframe loading=\"lazy\" title=\"XVI Aniversario Fraternidad de Motociclistas 2025\" width=\"1200\" height=\"675\" src=\"https:\/\/www.youtube.com\/embed\/3weACm9ImBs?feature=oembed\" frameborder=\"0\" allow=\"accelerometer; autoplay; clipboard-write; encrypted-media; gyroscope; picture-in-picture; web-share\" referrerpolicy=\"strict-origin-when-cross-origin\" allowfullscreen><\/iframe>\n<\/div><\/figure>\n\n\n\n<p>Una peque\u00f1a recopilaci\u00f3n de aniversario en Guerrero, M\u00e9xico, con un agradecimiento especial a la banda de San Jeronimito y su celebraci\u00f3n de la &#8220;Regata&#8221; a la cual con gusto apoyaremos cada a\u00f1o!<\/p>\n\n\n\n<p>www.fraternidaddemotociclistas.com<br>www.rockyruedas.com<\/p>\n","protected":false},"excerpt":{"rendered":"<p>Una peque\u00f1a recopilaci\u00f3n de aniversario en Guerrero, M\u00e9xico, con un agradecimiento especial a la banda de San Jeronimito y su celebraci\u00f3n de la &#8220;Regata&#8221; a la cual con gusto apoyaremos cada a\u00f1o! www.fraternidaddemotociclistas.comwww.rockyruedas.com<\/p>\n","protected":false},"author":1,"featured_media":0,"comment_status":"closed","ping_status":"closed","sticky":false,"template":"","format":"standard","meta":{"footnotes":""},"categories":[1],"tags":[],"class_list":["post-249","post","type-post","status-publish","format-standard","hentry","category-uncategorized"],"_links":{"self":[{"href":"https:\/\/fraternidaddemotociclistas.com\/index.php\/wp-json\/wp\/v2\/posts\/249","targetHints":{"allow":["GET"]}}],"collection":[{"href":"https:\/\/fraternidaddemotociclistas.com\/index.php\/wp-json\/wp\/v2\/posts"}],"about":[{"href":"https:\/\/fraternidaddemotociclistas.com\/index.php\/wp-json\/wp\/v2\/types\/post"}],"author":[{"embeddable":true,"href":"https:\/\/fraternidaddemotociclistas.com\/index.php\/wp-json\/wp\/v2\/users\/1"}],"replies":[{"embeddable":true,"href":"https:\/\/fraternidaddemotociclistas.com\/index.php\/wp-json\/wp\/v2\/comments?post=249"}],"version-history":[{"count":1,"href":"https:\/\/fraternidaddemotociclistas.com\/index.php\/wp-json\/wp\/v2\/posts\/249\/revisions"}],"predecessor-version":[{"id":250,"href":"https:\/\/fraternidaddemotociclistas.com\/index.php\/wp-json\/wp\/v2\/posts\/249\/revisions\/250"}],"wp:attachment":[{"href":"https:\/\/fraternidaddemotociclistas.com\/index.php\/wp-json\/wp\/v2\/media?parent=249"}],"wp:term":[{"taxonomy":"category","embeddable":true,"href":"https:\/\/fraternidaddemotociclistas.com\/index.php\/wp-json\/wp\/v2\/categories?post=249"},{"taxonomy":"post_tag","embeddable":true,"href":"https:\/\/fraternidaddemotociclistas.com\/index.php\/wp-json\/wp\/v2\/tags?post=249"}],"curies":[{"name":"wp","href":"https:\/\/api.w.org\/{rel}","templated":true}]}}